{"id":762,"date":"2021-09-07T19:53:32","date_gmt":"2021-09-07T16:53:32","guid":{"rendered":"http:\/\/iitee.org\/?p=762"},"modified":"2021-09-27T16:10:01","modified_gmt":"2021-09-27T13:10:01","slug":"chet-onair","status":"publish","type":"post","link":"https:\/\/iitee.org\/?p=762","title":{"rendered":"CHET OnAir"},"content":{"rendered":"\n<p>M\u00fchendislik E\u011fitiminde Yarat\u0131c\u0131 Tekniklerin Kullan\u0131m\u0131 E\u011fitici E\u011fitimi &#8211; CHET OnAir<\/p>\n\n\n\n<p>Avrupa Birli\u011fi Komisyonu ve T\u00fcrkiye Ulusal Ajans\u0131 taraf\u0131ndan finanse edilen, Ege \u00dcniversitesi taraf\u0131ndan y\u00fcr\u00fct\u00fclen; m\u00fchendislik e\u011fitiminde yarat\u0131c\u0131 ve yenilik\u00e7i \u00f6\u011frenme y\u00f6ntem ve tekniklerinin geli\u015ftirilmesini ama\u00e7layan Y\u00fcksek\u00f6\u011fretim M\u00fchendislik \u00d6\u011fretim Elemanlar\u0131 i\u00e7in Yarat\u0131c\u0131l\u0131k (CHET) Projesi kapsam\u0131nda 21 Eyl\u00fcl 2021 tarihinde \u201cM\u00fchendislik E\u011fitiminde Yarat\u0131c\u0131 Tekniklerin Kullan\u0131m\u0131 E\u011fitici E\u011fitimi\u201d etkinli\u011fi d\u00fczenlenecektir.<\/p>\n\n\n\n<p>Not: Kat\u0131l\u0131mc\u0131lara kat\u0131l\u0131m belgeleri ile birlikte a\u011fa\u00e7 sertifikas\u0131 takdim edilecektir.<\/p>\n\n\n\n<p>Hedef kitlesi: M\u00fchendislik Fak\u00fcltesi \u00d6\u011fretim Elemanlar\u0131<\/p>\n\n\n\n<p><strong>Etkinlik \u00f6n kay\u0131t: <a href=\"https:\/\/www.kisa.link\/PjEj\">https:\/\/www.kisa.link\/PjEj<\/a> <\/strong><\/p>\n\n\n\n<p>CHET projesi hakk\u0131nda detayl\u0131 bilgi: <a href=\"https:\/\/chetproject.eu\/en\/home\">https:\/\/chetproject.eu\/en\/home<\/a><\/p>\n\n\n\n<p>Etkinlik Yeri: Originn Coworking<\/p>\n\n\n\n<p>Etkinli\u011fe kat\u0131l\u0131m i\u00e7in gerekli bilgiler e-posta ile bildirilecektir.<\/p>\n\n\n\n<p>Bilgi i\u00e7in: egeeuproject@gmail.com<\/p>\n\n\n\n<p style=\"font-size:17px\"><strong>Kontenjan 15 ki\u015fi ile s\u0131n\u0131rl\u0131 olup, kay\u0131t onay\u0131 mailinde iletilecek olan elektronik bilet ile kat\u0131l\u0131m sa\u011flanacakt\u0131r.<\/strong><\/p>\n\n\n\n<p>\u00d6nemli Not: 6 Eyl\u00fcl 2021 Pazartesi g\u00fcn\u00fcnden itibaren a\u015f\u0131 olmayan ki\u015filerin; konser, sinema ve tiyatro gibi vatanda\u015flar\u0131n toplu olarak bulundu\u011fu faaliyetlere kat\u0131l\u0131m\u0131nda negatif sonu\u00e7lu PCR testi zorunlulu\u011fu getirilmi\u015ftir. Bu \u00e7er\u00e7evede i\u015fletmeciler\/organizat\u00f6rler taraf\u0131ndan etkinliklere giri\u015fte HES kodu \u00fczerinden ki\u015filerin a\u015f\u0131l\u0131\/ge\u00e7irilmi\u015f hastal\u0131k (Covid-19 hastal\u0131\u011f\u0131 sonras\u0131 bilimsel olarak ba\u011f\u0131\u015f\u0131k kabul edilen s\u00fcreye g\u00f6re) veya azami 48 saat \u00f6nce yap\u0131lm\u0131\u015f negatif PCR testi sorgulamas\u0131 yap\u0131lacakt\u0131r. Bu kapsamda etkinlikten bir g\u00fcn \u00f6nce HES kodlar\u0131n\u0131n egeeuproject@gmail.com adresine iletilmesi gerekmektedir.<\/p>\n\n\n\n<iframe src=\"https:\/\/www.google.com\/maps\/embed?pb=!1m18!1m12!1m3!1d3124.6773501571224!2d27.187009115337066!3d38.44892097964227!2m3!1f0!2f0!3f0!3m2!1i1024!2i768!4f13.1!3m3!1m2!1s0x14b962b07f9706ff%3A0x5ec1e166910f397b!2sOriginn!5e0!3m2!1str!2str!4v1632162681116!5m2!1str!2str\" width=\"600\" height=\"450\" style=\"border:0;\" allowfullscreen=\"\" loading=\"lazy\"><\/iframe>\n","protected":false},"excerpt":{"rendered":"<p>M\u00fchendislik E\u011fitiminde Yarat\u0131c\u0131 Tekniklerin Kullan\u0131m\u0131 E\u011fitici E\u011fitimi &#8211; CHET OnAir Avrupa Birli\u011fi Komisyonu ve T\u00fcrkiye Ulusal Ajans\u0131 taraf\u0131ndan finanse edilen,<\/p>\n","protected":false},"author":1,"featured_media":844,"comment_status":"open","ping_status":"open","sticky":false,"template":"","format":"standard","meta":{"footnotes":""},"categories":[28,39,31],"tags":[59,60,61,35,34,44],"class_list":["post-762","post","type-post","status-publish","format-standard","has-post-thumbnail","hentry","category-chet","category-haberler","category-one-cikanlar","tag-chet-project","tag-chet-projesi","tag-ege-universitesi","tag-erasmus-plus","tag-erasmus","tag-proje"],"_links":{"self":[{"href":"https:\/\/iitee.org\/index.php?rest_route=\/wp\/v2\/posts\/762","targetHints":{"allow":["GET"]}}],"collection":[{"href":"https:\/\/iitee.org\/index.php?rest_route=\/wp\/v2\/posts"}],"about":[{"href":"https:\/\/iitee.org\/index.php?rest_route=\/wp\/v2\/types\/post"}],"author":[{"embeddable":true,"href":"https:\/\/iitee.org\/index.php?rest_route=\/wp\/v2\/users\/1"}],"replies":[{"embeddable":true,"href":"https:\/\/iitee.org\/index.php?rest_route=%2Fwp%2Fv2%2Fcomments&post=762"}],"version-history":[{"count":4,"href":"https:\/\/iitee.org\/index.php?rest_route=\/wp\/v2\/posts\/762\/revisions"}],"predecessor-version":[{"id":770,"href":"https:\/\/iitee.org\/index.php?rest_route=\/wp\/v2\/posts\/762\/revisions\/770"}],"wp:featuredmedia":[{"embeddable":true,"href":"https:\/\/iitee.org\/index.php?rest_route=\/wp\/v2\/media\/844"}],"wp:attachment":[{"href":"https:\/\/iitee.org\/index.php?rest_route=%2Fwp%2Fv2%2Fmedia&parent=762"}],"wp:term":[{"taxonomy":"category","embeddable":true,"href":"https:\/\/iitee.org\/index.php?rest_route=%2Fwp%2Fv2%2Fcategories&post=762"},{"taxonomy":"post_tag","embeddable":true,"href":"https:\/\/iitee.org\/index.php?rest_route=%2Fwp%2Fv2%2Ftags&post=762"}],"curies":[{"name":"wp","href":"https:\/\/api.w.org\/{rel}","templated":true}]}}