{"id":450,"date":"2018-04-27T00:02:00","date_gmt":"2018-04-26T21:02:00","guid":{"rendered":"http:\/\/iitee.org\/?p=450"},"modified":"2020-03-10T00:04:34","modified_gmt":"2020-03-09T21:04:34","slug":"escola-projesi-muhendislik-laboratuvarlari-icin-dijital-egitim-ve-ogretimi-arastiriyor","status":"publish","type":"post","link":"https:\/\/iitee.org\/?p=450","title":{"rendered":"ESCOLA Projesi, m\u00fchendislik laboratuvarlar\u0131 i\u00e7in dijital e\u011fitim ve \u00f6\u011fretimi ara\u015ft\u0131r\u0131yor"},"content":{"rendered":"\n<p>ESCOLA Projesi, m\u00fchendislik laboratuvarlar\u0131 i\u00e7in dijital e\u011fitim ve \u00f6\u011fretimi ara\u015ft\u0131r\u0131yor<\/p>\n\n\n\n<p>Sakine Orman- Gizem Kara<br><strong>\u0130ZM\u0130R (Ege Ajans) \u2013<\/strong>&nbsp;Ege \u00dcniversitesi\u2019nin koordinat\u00f6r\u00fc oldu\u011fu ESCOLA projesi, \u201cERASMUS+ Program\u0131\u201d kapsam\u0131nda 2017-2019 y\u0131llar\u0131 aras\u0131nda hibe almaya hak kazand\u0131. &nbsp;ESCOLA Projesi, Y\u00fcksek\u00f6\u011fretim Alan\u0131nda Stratejik ortakl\u0131klar kapsam\u0131nda 2017 y\u0131l\u0131nda Ege \u00dcniversitesi\u2019nden desteklenen tek proje oldu. Ege \u00dcniversitesi M\u00fchendislik Fak\u00fcltesi &nbsp;\u0130n\u015faat M\u00fchendisli\u011fi B\u00f6l\u00fcm\u00fc \u00d6\u011fretim \u00dcyesi Do\u00e7. Dr. \u00d6zge Andi\u00e7 \u00c7ak\u0131r, Ege \u00dcniversitesi E\u011fitim Fak\u00fcltesi Dr. \u00d6\u011fr. \u00dcyesi Dr. F\u0131rat Sarsar, ESCOLA Projesi hakk\u0131nda bilgiler verdi.<br>T\u00fcrkiye genelinde, desteklenmeye uygun g\u00f6r\u00fclen 13 projeden biri olan ESCOLA projesi, m\u00fchendislik ve e\u011fitim fak\u00fcltelerindeki \u00f6\u011fretim \u00fcyelerinin disiplinleraras\u0131 \u00e7al\u0131\u015fma \u00f6rne\u011fi olarak ifade ediliyor. &nbsp;Do\u00e7. Dr. Andi\u00e7 \u00c7ak\u0131r, \u201cESCOLA, m\u00fchendislik \u00f6\u011fretiminde pratik \u00f6\u011frenimi art\u0131rmak ve uygulamalar\u0131 anla\u015f\u0131l\u0131r k\u0131lmak, \u00f6\u011frencilerin \u00f6\u011frenme deneyimini iyile\u015ftirmek ve \u00f6\u011fretim \u00fcyelerinin dijital ve interaktif ara\u00e7lar\u0131 kullanmalar\u0131n\u0131 te\u015fvik etmek i\u00e7in yeni bir destekleyici \u00f6\u011frenme ortam\u0131 geli\u015ftirmeyi ama\u00e7layan Erasmus+ projesidir\u201d dedi. ESCOLA Projesinin y\u00fcksek\u00f6\u011fretim elemanlar\u0131na yard\u0131mc\u0131 olacak bir dijital platform olmay\u0131 hedeflediklerini belirten Do\u00e7. Dr. Andi\u00e7 \u00c7ak\u0131r, \u201cESCOLA, dijital etkile\u015fimli kaynaklara eri\u015fmek ve etkili bir \u015fekilde kullanmak i\u00e7in gerekli bilgi teknolojileri becerilerine sahip olmayan veya bu teknolojiyi geleneksel \u00f6\u011fretim stratejilerine nas\u0131l dahil edece\u011fini \u00f6ng\u00f6remeyen laboratuvar destekli m\u00fchendislik e\u011fitimi veren y\u00fcksek\u00f6\u011fretim elemanlar\u0131na yard\u0131mc\u0131 olacak bir dijital platform geli\u015ftirmeyi hedefliyor\u201d diye konu\u015ftu.<\/p>\n\n\n\n<p>Projenin ortaya \u00e7\u0131k\u0131\u015f\u0131nda bir\u00e7ok fakt\u00f6r\u00fcn rol oynad\u0131\u011f\u0131n\u0131 belirten Dr. F\u0131rat Sarsar, \u201cAvrupa\u2019dan Ege \u00dcniversitesi\u2019nin de i\u00e7inde bulundu\u011fu yedi \u00fcniversite, ara\u015ft\u0131rma merkezi, KOB\u0130 ve kurumlar\u0131 bir araya getiren bu projenin ortaya \u00e7\u0131k\u0131\u015f\u0131nda, m\u00fchendislik e\u011fitimde daha etkili \u00f6\u011fretim teknolojileri kullan\u0131m hedefimiz b\u00fcy\u00fck rol oynad\u0131 \u201d diye konu\u015ftu.<\/p>\n\n\n\n<p><strong>\u201cERASMUS+ Avrupa\u2019da e\u011fitimi g\u00fc\u00e7lendirmek i\u00e7in \u00a0maddi destek sa\u011fl\u0131yor\u201d<br><\/strong>Dr.\u00a0Sarsar, \u201cProje, \u2018Yenilik ve \u0130yi Uygulamalar\u0131n De\u011fi\u015fimi \u0130\u00e7in \u0130\u015fbirli\u011fi\u2019 ba\u015fl\u0131\u011f\u0131 alt\u0131nda stratejik ortakl\u0131klar alt ba\u015fl\u0131\u011f\u0131 kapsam\u0131nda finanse ediliyor. \u2018Yenilik ve \u0130yi Uygulamalar\u0131n De\u011fi\u015fimi \u0130\u00e7in \u0130\u015fbirli\u011fi\u2019, e\u011fitim kurumlar\u0131, gen\u00e7lik \u00f6rg\u00fctleri, i\u015f d\u00fcnyas\u0131 ve sivil toplum kurulu\u015flar\u0131 aras\u0131nda e\u011fitim \u00f6\u011fretim ve gen\u00e7lik aktiviteleri ba\u011flam\u0131nda kurumsal i\u015fbirlikleri olu\u015fturulmas\u0131na f\u0131rsat veriyor. Erasmus+ Avrupa genelinde e\u011fitim, gen\u00e7lik ve sporu g\u00fc\u00e7lendirmek amac\u0131yla 2014-2020 y\u0131llar\u0131 aras\u0131nda 7 y\u0131l boyunca 14,7 milyar avro tutar\u0131nda destek sa\u011fl\u0131yor\u201d dedi.<\/p>\n\n\n\n<p>Kaynak: <a href=\"https:\/\/egeajans.ege.edu.tr\/?p=1402\">Ege Ajans<\/a><\/p>\n","protected":false},"excerpt":{"rendered":"<p>ESCOLA Projesi, m\u00fchendislik laboratuvarlar\u0131 i\u00e7in dijital e\u011fitim ve \u00f6\u011fretimi ara\u015ft\u0131r\u0131yor Sakine Orman- Gizem Kara\u0130ZM\u0130R (Ege Ajans) \u2013&nbsp;Ege \u00dcniversitesi\u2019nin koordinat\u00f6r\u00fc oldu\u011fu<\/p>\n","protected":false},"author":1,"featured_media":451,"comment_status":"open","ping_status":"open","sticky":false,"template":"","format":"standard","meta":{"footnotes":""},"categories":[30,39],"tags":[35,34,51,54,52,53,50],"class_list":["post-450","post","type-post","status-publish","format-standard","has-post-thumbnail","hentry","category-escola","category-haberler","tag-erasmus-plus","tag-erasmus","tag-escola","tag-escola-haber","tag-escola-project","tag-escola-projesi","tag-haber"],"_links":{"self":[{"href":"https:\/\/iitee.org\/index.php?rest_route=\/wp\/v2\/posts\/450","targetHints":{"allow":["GET"]}}],"collection":[{"href":"https:\/\/iitee.org\/index.php?rest_route=\/wp\/v2\/posts"}],"about":[{"href":"https:\/\/iitee.org\/index.php?rest_route=\/wp\/v2\/types\/post"}],"author":[{"embeddable":true,"href":"https:\/\/iitee.org\/index.php?rest_route=\/wp\/v2\/users\/1"}],"replies":[{"embeddable":true,"href":"https:\/\/iitee.org\/index.php?rest_route=%2Fwp%2Fv2%2Fcomments&post=450"}],"version-history":[{"count":1,"href":"https:\/\/iitee.org\/index.php?rest_route=\/wp\/v2\/posts\/450\/revisions"}],"predecessor-version":[{"id":452,"href":"https:\/\/iitee.org\/index.php?rest_route=\/wp\/v2\/posts\/450\/revisions\/452"}],"wp:featuredmedia":[{"embeddable":true,"href":"https:\/\/iitee.org\/index.php?rest_route=\/wp\/v2\/media\/451"}],"wp:attachment":[{"href":"https:\/\/iitee.org\/index.php?rest_route=%2Fwp%2Fv2%2Fmedia&parent=450"}],"wp:term":[{"taxonomy":"category","embeddable":true,"href":"https:\/\/iitee.org\/index.php?rest_route=%2Fwp%2Fv2%2Fcategories&post=450"},{"taxonomy":"post_tag","embeddable":true,"href":"https:\/\/iitee.org\/index.php?rest_route=%2Fwp%2Fv2%2Ftags&post=450"}],"curies":[{"name":"wp","href":"https:\/\/api.w.org\/{rel}","templated":true}]}}