{"id":1062,"date":"2023-11-28T12:37:08","date_gmt":"2023-11-28T09:37:08","guid":{"rendered":"https:\/\/iitee.org\/?p=1062"},"modified":"2023-12-01T02:46:30","modified_gmt":"2023-11-30T23:46:30","slug":"tecched-projesi-ile-teknoloji-destekli-iklim-degisikligine-yonelik-egitim-programi-tasarim-hazirliklari-basladi","status":"publish","type":"post","link":"https:\/\/iitee.org\/?p=1062","title":{"rendered":"TECCHED Projesi ile teknoloji destekli iklim de\u011fi\u015fikli\u011fine y\u00f6nelik e\u011fitim program\u0131 tasar\u0131m haz\u0131rl\u0131klar\u0131 ba\u015flad\u0131"},"content":{"rendered":"<p>Uluslararas\u0131 ortakl\u0131 multidisipliner TECCHED Projesi ile teknoloji destekli iklim de\u011fi\u015fikli\u011fi m\u00fcfredat\u0131 haz\u0131rlanacak<\/p>\n<p align=\"center\"><b>TECCHED Projesi ile teknoloji destekli iklim de\u011fi\u015fikli\u011fine y\u00f6nelik e\u011fitim program\u0131 tasar\u0131m haz\u0131rl\u0131klar\u0131 ba\u015flad\u0131<\/b><\/p>\n<p>TECCHED (Teknoloji Destekli \u0130klim De\u011fi\u015fikli\u011fi E\u011fitim M\u00fcfredat\u0131 Tasarlanmas\u0131) Projesi ile teknoloji destekli iklim de\u011fi\u015fikli\u011fine y\u00f6nelik e\u011fitim program\u0131 tasar\u0131m haz\u0131rl\u0131klar\u0131 ba\u015flad\u0131<b>.\u00a0<\/b>T\u00fcrkiye\u2019den Ege \u00dcniversitesi ve Bitlis Eren \u00dcniversitesinin de yer ald\u0131\u011f\u0131, Avrupa Birli\u011fi taraf\u0131ndan desteklenen uluslararas\u0131 TECCHED projesi; Bulgaristan Ruse \u00dcniversitesi, Letonya Liepaja \u00dcniversitesi, Litvanya Vytauto Didziojo \u00dcniversitesi, \u0130spanya\u2019dan EOLAS, Bel\u00e7ika\u2019dan EUROGEO payda\u015fl\u0131\u011f\u0131nda ger\u00e7ekle\u015ftiriliyor.<\/p>\n<p><img loading=\"lazy\" decoding=\"async\" class=\"size-medium wp-image-18340 alignright\" src=\"http:\/\/www.euegeajans.com\/wp-content\/uploads\/2023\/11\/TECCHED-Projesi-ile-teknoloji-destekli-iklim-degisikligine-yonelik-egitim-programi-tasarim-hazirliklari-basladi-1-300x160.jpg\" sizes=\"auto, (max-width: 300px) 100vw, 300px\" srcset=\"https:\/\/www.euegeajans.com\/wp-content\/uploads\/2023\/11\/TECCHED-Projesi-ile-teknoloji-destekli-iklim-degisikligine-yonelik-egitim-programi-tasarim-hazirliklari-basladi-1-300x160.jpg 300w, https:\/\/www.euegeajans.com\/wp-content\/uploads\/2023\/11\/TECCHED-Projesi-ile-teknoloji-destekli-iklim-degisikligine-yonelik-egitim-programi-tasarim-hazirliklari-basladi-1-1024x546.jpg 1024w, https:\/\/www.euegeajans.com\/wp-content\/uploads\/2023\/11\/TECCHED-Projesi-ile-teknoloji-destekli-iklim-degisikligine-yonelik-egitim-programi-tasarim-hazirliklari-basladi-1-768x410.jpg 768w, https:\/\/www.euegeajans.com\/wp-content\/uploads\/2023\/11\/TECCHED-Projesi-ile-teknoloji-destekli-iklim-degisikligine-yonelik-egitim-programi-tasarim-hazirliklari-basladi-1.jpg 1536w\" alt=\"\" width=\"300\" height=\"160\" \/>Y\u00fcr\u00fct\u00fcc\u00fcl\u00fc\u011f\u00fcn\u00fc Ege \u00dcniversitesi E\u011fitim Fak\u00fcltesi \u00f6\u011fretim \u00fcyesi Do\u00e7. Dr. Bahad\u0131r Namdar\u2019\u0131n yapt\u0131\u011f\u0131 projede, E\u011fitim Fak\u00fcltesi Bilgisayar ve \u00d6\u011fretimi Teknolojileri B\u00f6l\u00fcm\u00fc \u00f6\u011fretim \u00fcyesi Do\u00e7. Dr. F\u0131rat Sarsar, M\u00fchendislik Fak\u00fcltesi \u00f6\u011fretim \u00fcyesi Prof. Dr. \u00d6zge Andi\u00e7 \u00c7ak\u0131r, Yabanc\u0131 Diller Y\u00fcksekokulu \u00f6\u011fretim \u00fcyesi Dr. H\u00fcseyin Ekrem Ulus ara\u015ft\u0131rmac\u0131 olarak g\u00f6rev al\u0131yor.<\/p>\n<p align=\"center\"><b>Hedef kitle \u00f6\u011fretmen yeti\u015ftirme b\u00f6l\u00fcmlerinde \u00e7al\u0131\u015fan \u00fcniversite \u00f6\u011fretim \u00fcyeleri<\/b><\/p>\n<p>Do\u00e7. Dr. F\u0131rat Sarsar, \u201cProje kapsam\u0131nda \u00f6\u011fretmen e\u011fitimi programlar\u0131na y\u00f6nelik \u00f6\u011fretmen adaylar\u0131n\u0131n karakter ve de\u011fer geli\u015fimini hedefleyen teknoloji destekli iklim de\u011fi\u015fikli\u011fine y\u00f6nelik bir e\u011fitim m\u00fcfredat\u0131n\u0131n haz\u0131rlanmas\u0131 ama\u00e7lan\u0131yor. \u00a0\u00d6\u011fretim program\u0131 geli\u015ftirme metodolojisini belirlemek i\u00e7in hem y\u00fcksek\u00f6\u011fretim g\u00f6ren \u00f6\u011fretmen adaylar\u0131n\u0131n iklim de\u011fi\u015fikli\u011fi anlay\u0131\u015f\u0131 hem de e\u011fitim fak\u00fcltelerindeki \u00f6\u011fretim \u00fcyelerinin bu konuyu \u00f6\u011fretmeye y\u00f6nelik ihtiya\u00e7lar\u0131 belirlendi. Bulgaristan, Letonya, Litvanya ve T\u00fcrkiye olmak \u00fczere 4 farkl\u0131 \u00fclkeden toplam 60 \u00f6\u011fretmen aday\u0131 \u00e7al\u0131\u015fmaya kat\u0131ld\u0131.\u00a0 20 \u00f6\u011fretim \u00fcyesi ile odak grup g\u00f6r\u00fc\u015fmeleri ger\u00e7ekle\u015ftirildi. TECCHED projesinin sonucunda karakter ve de\u011fer geli\u015fimini desteklemeyi ama\u00e7layan \u00f6\u011fretmen e\u011fitimi programlar\u0131 i\u00e7in teknoloji destekli bir iklim de\u011fi\u015fikli\u011fi m\u00fcfredat\u0131, teknoloji destekli bir iklim de\u011fi\u015fikli\u011fi zenginle\u015ftirilmi\u015f kitap ve e\u011fitimciler i\u00e7in dijital bir \u00f6\u011frenme platformu elde edilecektir.\u00a0 Br\u00fcksel\u2019de yap\u0131lan toplant\u0131 sonucunda e-kitap olu\u015fturulmas\u0131 ve bu kitab\u0131n t\u00fcm ilgililerle payla\u015f\u0131lmas\u0131 hedeflenmi\u015f olup kitap olu\u015fturma \u00e7al\u0131\u015fmalar\u0131 konusunda ortak strateji belirlenmi\u015ftir\u201d dedi.<\/p>\n","protected":false},"excerpt":{"rendered":"<p>Uluslararas\u0131 ortakl\u0131 multidisipliner TECCHED Projesi ile teknoloji destekli iklim de\u011fi\u015fikli\u011fi m\u00fcfredat\u0131 haz\u0131rlanacak TECCHED Projesi ile teknoloji destekli iklim de\u011fi\u015fikli\u011fine y\u00f6nelik<\/p>\n","protected":false},"author":1,"featured_media":1063,"comment_status":"closed","ping_status":"open","sticky":false,"template":"","format":"standard","meta":{"footnotes":""},"categories":[32,31,81],"tags":[],"class_list":["post-1062","post","type-post","status-publish","format-standard","has-post-thumbnail","hentry","category-editor-secimi","category-one-cikanlar","category-tecched"],"_links":{"self":[{"href":"https:\/\/iitee.org\/index.php?rest_route=\/wp\/v2\/posts\/1062","targetHints":{"allow":["GET"]}}],"collection":[{"href":"https:\/\/iitee.org\/index.php?rest_route=\/wp\/v2\/posts"}],"about":[{"href":"https:\/\/iitee.org\/index.php?rest_route=\/wp\/v2\/types\/post"}],"author":[{"embeddable":true,"href":"https:\/\/iitee.org\/index.php?rest_route=\/wp\/v2\/users\/1"}],"replies":[{"embeddable":true,"href":"https:\/\/iitee.org\/index.php?rest_route=%2Fwp%2Fv2%2Fcomments&post=1062"}],"version-history":[{"count":1,"href":"https:\/\/iitee.org\/index.php?rest_route=\/wp\/v2\/posts\/1062\/revisions"}],"predecessor-version":[{"id":1064,"href":"https:\/\/iitee.org\/index.php?rest_route=\/wp\/v2\/posts\/1062\/revisions\/1064"}],"wp:featuredmedia":[{"embeddable":true,"href":"https:\/\/iitee.org\/index.php?rest_route=\/wp\/v2\/media\/1063"}],"wp:attachment":[{"href":"https:\/\/iitee.org\/index.php?rest_route=%2Fwp%2Fv2%2Fmedia&parent=1062"}],"wp:term":[{"taxonomy":"category","embeddable":true,"href":"https:\/\/iitee.org\/index.php?rest_route=%2Fwp%2Fv2%2Fcategories&post=1062"},{"taxonomy":"post_tag","embeddable":true,"href":"https:\/\/iitee.org\/index.php?rest_route=%2Fwp%2Fv2%2Ftags&post=1062"}],"curies":[{"name":"wp","href":"https:\/\/api.w.org\/{rel}","templated":true}]}}